{"id":738,"date":"2022-02-07T21:30:15","date_gmt":"2022-02-07T21:30:15","guid":{"rendered":"https:\/\/magdalenagrande.com\/blog\/?p=738"},"modified":"2022-02-07T21:30:31","modified_gmt":"2022-02-07T21:30:31","slug":"querida-yo-coloma-fernandez-armero","status":"publish","type":"post","link":"https:\/\/magdalenagrande.com\/blog\/querida-yo-coloma-fernandez-armero\/","title":{"rendered":"Querida yo &#8211; Coloma Fern\u00e1ndez Armero"},"content":{"rendered":"\n<p>&#8216;Un segundo.<\/p>\n\n\n\n<p>Cada vez que me separaba de amor n\u00famero 7 pasaba meses en lucha contra el tel\u00e9fono. Me sent\u00eda igual que una yonqui que quiere dejar el caballo. Contaba los d\u00edas que hab\u00edan pasado desde la \u00faltima llamada y me felicitaba por mi resistencia y fuerza de voluntad. Pero, de repente, en un instante como otro cualquiera, saltaba la chispa, como alguien pose\u00eddo en contra de su voluntad, descolgaba el aparato, marcaba su n\u00famero, quedaba con \u00e9l, y era drogadicta de nuevo.<\/p>\n\n\n\n<p>Eso mismo me ha pasado hoy. Estoy m\u00e1s instalada que nunca; tengo un peque\u00f1o negocio de ropa de segunda mano y no estaba en mis planes volver ahora Espa\u00f1a. Pero ha saltado la chispa. He descolgado el tel\u00e9fono, me he reservado un billete, y le he dicho a la chica que pasea en calcetines por mi apartamento que me voy. Ha sido uno de esos segundos que todo lo cambian. Se ha conectado un ne\u00f3n luminoso en mi cabeza con una palabra que se enciende y apaga intermitentemente: vuelve, vuelve, vuelve. Y voy a volver.&#8217;<\/p>\n\n\n\n<p>Te traigo un libro antiguo que me trae recuerdos de mi `querida yo&#8217;, en que Coloma cuenta historias tan suyas que perfectamente pueden ser tuyas y m\u00edas.<\/p>\n\n\n\n<p>A disfrutarlo&#8230; \u2764\ufe0f<\/p>\n\n\n\n<p>@colomafa<\/p>\n\n\n\n<p>#altasensibilidad #personasaltamentesensibles #sensibilidadconsciente #PAS #bibliotecasensible #librosparapas #librosparanopas #consultaonline #terapiaonline #magdalenagrande <\/p>\n\n\n\n<figure class=\"wp-block-image size-large\"><img loading=\"lazy\" decoding=\"async\" width=\"993\" height=\"1024\" src=\"https:\/\/magdalenagrande.com\/blog\/wp-content\/uploads\/2022\/02\/image_editor_output_image278261028-1644269406289-993x1024.jpg\" alt=\"\" class=\"wp-image-737\" srcset=\"https:\/\/magdalenagrande.com\/blog\/wp-content\/uploads\/2022\/02\/image_editor_output_image278261028-1644269406289-993x1024.jpg 993w, https:\/\/magdalenagrande.com\/blog\/wp-content\/uploads\/2022\/02\/image_editor_output_image278261028-1644269406289-291x300.jpg 291w, https:\/\/magdalenagrande.com\/blog\/wp-content\/uploads\/2022\/02\/image_editor_output_image278261028-1644269406289-768x792.jpg 768w, https:\/\/magdalenagrande.com\/blog\/wp-content\/uploads\/2022\/02\/image_editor_output_image278261028-1644269406289.jpg 1060w\" sizes=\"auto, (max-width: 993px) 100vw, 993px\" \/><\/figure>\n","protected":false},"excerpt":{"rendered":"<p>&#8216;Un segundo. Cada vez que me separaba de amor n\u00famero 7 pasaba meses en lucha contra el tel\u00e9fono. Me sent\u00eda igual que una yonqui que quiere dejar el caballo. Contaba los d\u00edas que hab\u00edan pasado desde la \u00faltima llamada y me felicitaba por mi resistencia y fuerza de voluntad. Pero, de repente, en un instante [&hellip;]<\/p>\n","protected":false},"author":1,"featured_media":0,"comment_status":"closed","ping_status":"closed","sticky":false,"template":"","format":"standard","meta":{"sfsi_plus_gutenberg_text_before_share":"","sfsi_plus_gutenberg_show_text_before_share":"","sfsi_plus_gutenberg_icon_type":"","sfsi_plus_gutenberg_icon_alignemt":"","sfsi_plus_gutenburg_max_per_row":"","footnotes":""},"categories":[81],"tags":[60],"class_list":["post-738","post","type-post","status-publish","format-standard","hentry","category-libros-pas","tag-alta-sensiblidad"],"yoast_head":"<!-- This site is optimized with the Yoast SEO plugin v17.0 - https:\/\/yoast.com\/wordpress\/plugins\/seo\/ -->\n<title>Querida yo - Coloma Fern\u00e1ndez Armero - Blog de Magdalena Grande<\/title>\n<meta name=\"robots\" content=\"index, follow, max-snippet:-1, max-image-preview:large, max-video-preview:-1\" \/>\n<link rel=\"canonical\" href=\"https:\/\/magdalenagrande.com\/blog\/querida-yo-coloma-fernandez-armero\/\" \/>\n<meta property=\"og:locale\" content=\"es_ES\" \/>\n<meta property=\"og:type\" content=\"article\" \/>\n<meta property=\"og:title\" content=\"Querida yo - Coloma Fern\u00e1ndez Armero - Blog de Magdalena Grande\" \/>\n<meta property=\"og:description\" content=\"&#8216;Un segundo. Cada vez que me separaba de amor n\u00famero 7 pasaba meses en lucha contra el tel\u00e9fono. Me sent\u00eda igual que una yonqui que quiere dejar el caballo. Contaba los d\u00edas que hab\u00edan pasado desde la \u00faltima llamada y me felicitaba por mi resistencia y fuerza de voluntad. Pero, de repente, en un instante [&hellip;]\" \/>\n<meta property=\"og:url\" content=\"https:\/\/magdalenagrande.com\/blog\/querida-yo-coloma-fernandez-armero\/\" \/>\n<meta property=\"og:site_name\" content=\"Blog de Magdalena Grande\" \/>\n<meta property=\"article:published_time\" content=\"2022-02-07T21:30:15+00:00\" \/>\n<meta property=\"article:modified_time\" content=\"2022-02-07T21:30:31+00:00\" \/>\n<meta property=\"og:image\" content=\"https:\/\/magdalenagrande.com\/blog\/wp-content\/uploads\/2022\/02\/image_editor_output_image278261028-1644269406289-993x1024.jpg\" \/>\n<meta name=\"twitter:card\" content=\"summary\" \/>\n<meta name=\"twitter:label1\" content=\"Escrito por\" \/>\n\t<meta name=\"twitter:data1\" content=\"magdalena_grande\" \/>\n\t<meta name=\"twitter:label2\" content=\"Tiempo de lectura\" \/>\n\t<meta name=\"twitter:data2\" content=\"1 minuto\" \/>\n<script type=\"application\/ld+json\" class=\"yoast-schema-graph\">{\"@context\":\"https:\/\/schema.org\",\"@graph\":[{\"@type\":\"WebSite\",\"@id\":\"https:\/\/magdalenagrande.com\/blog\/#website\",\"url\":\"https:\/\/magdalenagrande.com\/blog\/\",\"name\":\"Blog de Magdalena Grande\",\"description\":\"Crecimiento personal, alta sensibilidad y educaci\\u00f3n emocional\",\"potentialAction\":[{\"@type\":\"SearchAction\",\"target\":{\"@type\":\"EntryPoint\",\"urlTemplate\":\"https:\/\/magdalenagrande.com\/blog\/?s={search_term_string}\"},\"query-input\":\"required name=search_term_string\"}],\"inLanguage\":\"es\"},{\"@type\":\"ImageObject\",\"@id\":\"https:\/\/magdalenagrande.com\/blog\/querida-yo-coloma-fernandez-armero\/#primaryimage\",\"inLanguage\":\"es\",\"url\":\"https:\/\/magdalenagrande.com\/blog\/wp-content\/uploads\/2022\/02\/image_editor_output_image278261028-1644269406289.jpg\",\"contentUrl\":\"https:\/\/magdalenagrande.com\/blog\/wp-content\/uploads\/2022\/02\/image_editor_output_image278261028-1644269406289.jpg\",\"width\":1060,\"height\":1093},{\"@type\":\"WebPage\",\"@id\":\"https:\/\/magdalenagrande.com\/blog\/querida-yo-coloma-fernandez-armero\/#webpage\",\"url\":\"https:\/\/magdalenagrande.com\/blog\/querida-yo-coloma-fernandez-armero\/\",\"name\":\"Querida yo - Coloma Fern\\u00e1ndez Armero - Blog de Magdalena Grande\",\"isPartOf\":{\"@id\":\"https:\/\/magdalenagrande.com\/blog\/#website\"},\"primaryImageOfPage\":{\"@id\":\"https:\/\/magdalenagrande.com\/blog\/querida-yo-coloma-fernandez-armero\/#primaryimage\"},\"datePublished\":\"2022-02-07T21:30:15+00:00\",\"dateModified\":\"2022-02-07T21:30:31+00:00\",\"author\":{\"@id\":\"https:\/\/magdalenagrande.com\/blog\/#\/schema\/person\/f8460fd9e22f0d0d09ef55ae7a4f6791\"},\"breadcrumb\":{\"@id\":\"https:\/\/magdalenagrande.com\/blog\/querida-yo-coloma-fernandez-armero\/#breadcrumb\"},\"inLanguage\":\"es\",\"potentialAction\":[{\"@type\":\"ReadAction\",\"target\":[\"https:\/\/magdalenagrande.com\/blog\/querida-yo-coloma-fernandez-armero\/\"]}]},{\"@type\":\"BreadcrumbList\",\"@id\":\"https:\/\/magdalenagrande.com\/blog\/querida-yo-coloma-fernandez-armero\/#breadcrumb\",\"itemListElement\":[{\"@type\":\"ListItem\",\"position\":1,\"name\":\"Portada\",\"item\":\"https:\/\/magdalenagrande.com\/blog\/\"},{\"@type\":\"ListItem\",\"position\":2,\"name\":\"Querida yo &#8211; Coloma Fern\\u00e1ndez Armero\"}]},{\"@type\":\"Person\",\"@id\":\"https:\/\/magdalenagrande.com\/blog\/#\/schema\/person\/f8460fd9e22f0d0d09ef55ae7a4f6791\",\"name\":\"magdalena_grande\"}]}<\/script>\n<!-- \/ Yoast SEO plugin. -->","yoast_head_json":{"title":"Querida yo - Coloma Fern\u00e1ndez Armero - Blog de Magdalena Grande","robots":{"index":"index","follow":"follow","max-snippet":"max-snippet:-1","max-image-preview":"max-image-preview:large","max-video-preview":"max-video-preview:-1"},"canonical":"https:\/\/magdalenagrande.com\/blog\/querida-yo-coloma-fernandez-armero\/","og_locale":"es_ES","og_type":"article","og_title":"Querida yo - Coloma Fern\u00e1ndez Armero - Blog de Magdalena Grande","og_description":"&#8216;Un segundo. Cada vez que me separaba de amor n\u00famero 7 pasaba meses en lucha contra el tel\u00e9fono. Me sent\u00eda igual que una yonqui que quiere dejar el caballo. Contaba los d\u00edas que hab\u00edan pasado desde la \u00faltima llamada y me felicitaba por mi resistencia y fuerza de voluntad. Pero, de repente, en un instante [&hellip;]","og_url":"https:\/\/magdalenagrande.com\/blog\/querida-yo-coloma-fernandez-armero\/","og_site_name":"Blog de Magdalena Grande","article_published_time":"2022-02-07T21:30:15+00:00","article_modified_time":"2022-02-07T21:30:31+00:00","og_image":[{"url":"https:\/\/magdalenagrande.com\/blog\/wp-content\/uploads\/2022\/02\/image_editor_output_image278261028-1644269406289-993x1024.jpg"}],"twitter_card":"summary","twitter_misc":{"Escrito por":"magdalena_grande","Tiempo de lectura":"1 minuto"},"schema":{"@context":"https:\/\/schema.org","@graph":[{"@type":"WebSite","@id":"https:\/\/magdalenagrande.com\/blog\/#website","url":"https:\/\/magdalenagrande.com\/blog\/","name":"Blog de Magdalena Grande","description":"Crecimiento personal, alta sensibilidad y educaci\u00f3n emocional","potentialAction":[{"@type":"SearchAction","target":{"@type":"EntryPoint","urlTemplate":"https:\/\/magdalenagrande.com\/blog\/?s={search_term_string}"},"query-input":"required name=search_term_string"}],"inLanguage":"es"},{"@type":"ImageObject","@id":"https:\/\/magdalenagrande.com\/blog\/querida-yo-coloma-fernandez-armero\/#primaryimage","inLanguage":"es","url":"https:\/\/magdalenagrande.com\/blog\/wp-content\/uploads\/2022\/02\/image_editor_output_image278261028-1644269406289.jpg","contentUrl":"https:\/\/magdalenagrande.com\/blog\/wp-content\/uploads\/2022\/02\/image_editor_output_image278261028-1644269406289.jpg","width":1060,"height":1093},{"@type":"WebPage","@id":"https:\/\/magdalenagrande.com\/blog\/querida-yo-coloma-fernandez-armero\/#webpage","url":"https:\/\/magdalenagrande.com\/blog\/querida-yo-coloma-fernandez-armero\/","name":"Querida yo - Coloma Fern\u00e1ndez Armero - Blog de Magdalena Grande","isPartOf":{"@id":"https:\/\/magdalenagrande.com\/blog\/#website"},"primaryImageOfPage":{"@id":"https:\/\/magdalenagrande.com\/blog\/querida-yo-coloma-fernandez-armero\/#primaryimage"},"datePublished":"2022-02-07T21:30:15+00:00","dateModified":"2022-02-07T21:30:31+00:00","author":{"@id":"https:\/\/magdalenagrande.com\/blog\/#\/schema\/person\/f8460fd9e22f0d0d09ef55ae7a4f6791"},"breadcrumb":{"@id":"https:\/\/magdalenagrande.com\/blog\/querida-yo-coloma-fernandez-armero\/#breadcrumb"},"inLanguage":"es","potentialAction":[{"@type":"ReadAction","target":["https:\/\/magdalenagrande.com\/blog\/querida-yo-coloma-fernandez-armero\/"]}]},{"@type":"BreadcrumbList","@id":"https:\/\/magdalenagrande.com\/blog\/querida-yo-coloma-fernandez-armero\/#breadcrumb","itemListElement":[{"@type":"ListItem","position":1,"name":"Portada","item":"https:\/\/magdalenagrande.com\/blog\/"},{"@type":"ListItem","position":2,"name":"Querida yo &#8211; Coloma Fern\u00e1ndez Armero"}]},{"@type":"Person","@id":"https:\/\/magdalenagrande.com\/blog\/#\/schema\/person\/f8460fd9e22f0d0d09ef55ae7a4f6791","name":"magdalena_grande"}]}},"_links":{"self":[{"href":"https:\/\/magdalenagrande.com\/blog\/wp-json\/wp\/v2\/posts\/738","targetHints":{"allow":["GET"]}}],"collection":[{"href":"https:\/\/magdalenagrande.com\/blog\/wp-json\/wp\/v2\/posts"}],"about":[{"href":"https:\/\/magdalenagrande.com\/blog\/wp-json\/wp\/v2\/types\/post"}],"author":[{"embeddable":true,"href":"https:\/\/magdalenagrande.com\/blog\/wp-json\/wp\/v2\/users\/1"}],"replies":[{"embeddable":true,"href":"https:\/\/magdalenagrande.com\/blog\/wp-json\/wp\/v2\/comments?post=738"}],"version-history":[{"count":1,"href":"https:\/\/magdalenagrande.com\/blog\/wp-json\/wp\/v2\/posts\/738\/revisions"}],"predecessor-version":[{"id":739,"href":"https:\/\/magdalenagrande.com\/blog\/wp-json\/wp\/v2\/posts\/738\/revisions\/739"}],"wp:attachment":[{"href":"https:\/\/magdalenagrande.com\/blog\/wp-json\/wp\/v2\/media?parent=738"}],"wp:term":[{"taxonomy":"category","embeddable":true,"href":"https:\/\/magdalenagrande.com\/blog\/wp-json\/wp\/v2\/categories?post=738"},{"taxonomy":"post_tag","embeddable":true,"href":"https:\/\/magdalenagrande.com\/blog\/wp-json\/wp\/v2\/tags?post=738"}],"curies":[{"name":"wp","href":"https:\/\/api.w.org\/{rel}","templated":true}]}}