{"id":753,"date":"2022-02-07T21:40:21","date_gmt":"2022-02-07T21:40:21","guid":{"rendered":"https:\/\/magdalenagrande.com\/blog\/?p=753"},"modified":"2022-02-07T21:40:36","modified_gmt":"2022-02-07T21:40:36","slug":"escucha","status":"publish","type":"post","link":"https:\/\/magdalenagrande.com\/blog\/escucha\/","title":{"rendered":"Escucha"},"content":{"rendered":"\n<p>\u00bfEscuchas cuando escuchas?<\/p>\n\n\n\n<p>Escuchar de forma activa requiere pr\u00e1ctica y podr\u00eda llegar a decir que, hoy en d\u00eda, se convierte en un arte.<\/p>\n\n\n\n<p>A veces cuando escuchamos, en realidad escuchamos nuestros pensamientos (&#8216;\u00bfqu\u00e9 era aquello que ten\u00eda que comprar?&#8217;, &#8216;\u00bfdebo tener algo entre los dientes?&#8217;&#8230;).<\/p>\n\n\n\n<p>Otras, escuchamos nuestras sensaciones, emociones o damos vueltas a lo que habr\u00e1 querido decir la otra persona, seg\u00fan nuestras creencias.<\/p>\n\n\n\n<p>Al escuchar, es posible que estemos pensando en qu\u00e9 responder (si nos sentimos atacados) o valorando qu\u00e9 corresponde decir en un momento como este (si nos sentimos inc\u00f3modos).<\/p>\n\n\n\n<p>Te habr\u00e1 pasado estar escuchando y no tener claro cu\u00e1nto hace que la persona sigue hablando mientras t\u00fa estabas pensando en tus cosas.<\/p>\n\n\n\n<p>Te habr\u00e1 pasado cortar a alguien porque se est\u00e1 enrollando m\u00e1s de la cuenta.<\/p>\n\n\n\n<p>(nos ha pasado a todos)<\/p>\n\n\n\n<p>Para escuchar hay que atender y, para ello, hay que estar presente en el momento, independientemente de tus pensamientos o emociones, m\u00e1s all\u00e1 de tus creencias o juicios. Para escuchar, hay que escuchar.<\/p>\n\n\n\n<p>\u00bfCrees que sabes escuchar?<\/p>\n\n\n\n<p>#escucha #escuchaactiva #altasensibilidad #personasaltamentesensibles #sensibilidadconsciente #PAS #consciencia #atenci\u00f3nplena #cursoaltasensibilidad #consultaonline #terapiaonline #magdalenagrande <\/p>\n\n\n\n<figure class=\"wp-block-image size-large\"><img loading=\"lazy\" decoding=\"async\" width=\"1024\" height=\"1003\" src=\"https:\/\/magdalenagrande.com\/blog\/wp-content\/uploads\/2022\/02\/image_editor_output_image-1331728247-1644270008269-1024x1003.jpg\" alt=\"\" class=\"wp-image-752\" srcset=\"https:\/\/magdalenagrande.com\/blog\/wp-content\/uploads\/2022\/02\/image_editor_output_image-1331728247-1644270008269-1024x1003.jpg 1024w, https:\/\/magdalenagrande.com\/blog\/wp-content\/uploads\/2022\/02\/image_editor_output_image-1331728247-1644270008269-300x294.jpg 300w, https:\/\/magdalenagrande.com\/blog\/wp-content\/uploads\/2022\/02\/image_editor_output_image-1331728247-1644270008269-768x752.jpg 768w, https:\/\/magdalenagrande.com\/blog\/wp-content\/uploads\/2022\/02\/image_editor_output_image-1331728247-1644270008269.jpg 1080w\" sizes=\"auto, (max-width: 1024px) 100vw, 1024px\" \/><\/figure>\n","protected":false},"excerpt":{"rendered":"<p>\u00bfEscuchas cuando escuchas? Escuchar de forma activa requiere pr\u00e1ctica y podr\u00eda llegar a decir que, hoy en d\u00eda, se convierte en un arte. A veces cuando escuchamos, en realidad escuchamos nuestros pensamientos (&#8216;\u00bfqu\u00e9 era aquello que ten\u00eda que comprar?&#8217;, &#8216;\u00bfdebo tener algo entre los dientes?&#8217;&#8230;). Otras, escuchamos nuestras sensaciones, emociones o damos vueltas a lo [&hellip;]<\/p>\n","protected":false},"author":1,"featured_media":0,"comment_status":"closed","ping_status":"closed","sticky":false,"template":"","format":"standard","meta":{"sfsi_plus_gutenberg_text_before_share":"","sfsi_plus_gutenberg_show_text_before_share":"","sfsi_plus_gutenberg_icon_type":"","sfsi_plus_gutenberg_icon_alignemt":"","sfsi_plus_gutenburg_max_per_row":"","footnotes":""},"categories":[76],"tags":[60,25],"class_list":["post-753","post","type-post","status-publish","format-standard","hentry","category-palabras-consciencia","tag-alta-sensiblidad","tag-comunicacion"],"yoast_head":"<!-- This site is optimized with the Yoast SEO plugin v17.0 - https:\/\/yoast.com\/wordpress\/plugins\/seo\/ -->\n<title>Escucha - Blog de Magdalena Grande<\/title>\n<meta name=\"robots\" content=\"index, follow, max-snippet:-1, max-image-preview:large, max-video-preview:-1\" \/>\n<link rel=\"canonical\" href=\"https:\/\/magdalenagrande.com\/blog\/escucha\/\" \/>\n<meta property=\"og:locale\" content=\"es_ES\" \/>\n<meta property=\"og:type\" content=\"article\" \/>\n<meta property=\"og:title\" content=\"Escucha - Blog de Magdalena Grande\" \/>\n<meta property=\"og:description\" content=\"\u00bfEscuchas cuando escuchas? Escuchar de forma activa requiere pr\u00e1ctica y podr\u00eda llegar a decir que, hoy en d\u00eda, se convierte en un arte. A veces cuando escuchamos, en realidad escuchamos nuestros pensamientos (&#8216;\u00bfqu\u00e9 era aquello que ten\u00eda que comprar?&#8217;, &#8216;\u00bfdebo tener algo entre los dientes?&#8217;&#8230;). Otras, escuchamos nuestras sensaciones, emociones o damos vueltas a lo [&hellip;]\" \/>\n<meta property=\"og:url\" content=\"https:\/\/magdalenagrande.com\/blog\/escucha\/\" \/>\n<meta property=\"og:site_name\" content=\"Blog de Magdalena Grande\" \/>\n<meta property=\"article:published_time\" content=\"2022-02-07T21:40:21+00:00\" \/>\n<meta property=\"article:modified_time\" content=\"2022-02-07T21:40:36+00:00\" \/>\n<meta property=\"og:image\" content=\"https:\/\/magdalenagrande.com\/blog\/wp-content\/uploads\/2022\/02\/image_editor_output_image-1331728247-1644270008269-1024x1003.jpg\" \/>\n<meta name=\"twitter:card\" content=\"summary\" \/>\n<meta name=\"twitter:label1\" content=\"Escrito por\" \/>\n\t<meta name=\"twitter:data1\" content=\"magdalena_grande\" \/>\n\t<meta name=\"twitter:label2\" content=\"Tiempo de lectura\" \/>\n\t<meta name=\"twitter:data2\" content=\"1 minuto\" \/>\n<script type=\"application\/ld+json\" class=\"yoast-schema-graph\">{\"@context\":\"https:\/\/schema.org\",\"@graph\":[{\"@type\":\"WebSite\",\"@id\":\"https:\/\/magdalenagrande.com\/blog\/#website\",\"url\":\"https:\/\/magdalenagrande.com\/blog\/\",\"name\":\"Blog de Magdalena Grande\",\"description\":\"Crecimiento personal, alta sensibilidad y educaci\\u00f3n emocional\",\"potentialAction\":[{\"@type\":\"SearchAction\",\"target\":{\"@type\":\"EntryPoint\",\"urlTemplate\":\"https:\/\/magdalenagrande.com\/blog\/?s={search_term_string}\"},\"query-input\":\"required name=search_term_string\"}],\"inLanguage\":\"es\"},{\"@type\":\"ImageObject\",\"@id\":\"https:\/\/magdalenagrande.com\/blog\/escucha\/#primaryimage\",\"inLanguage\":\"es\",\"url\":\"https:\/\/magdalenagrande.com\/blog\/wp-content\/uploads\/2022\/02\/image_editor_output_image-1331728247-1644270008269.jpg\",\"contentUrl\":\"https:\/\/magdalenagrande.com\/blog\/wp-content\/uploads\/2022\/02\/image_editor_output_image-1331728247-1644270008269.jpg\",\"width\":1080,\"height\":1058},{\"@type\":\"WebPage\",\"@id\":\"https:\/\/magdalenagrande.com\/blog\/escucha\/#webpage\",\"url\":\"https:\/\/magdalenagrande.com\/blog\/escucha\/\",\"name\":\"Escucha - Blog de Magdalena Grande\",\"isPartOf\":{\"@id\":\"https:\/\/magdalenagrande.com\/blog\/#website\"},\"primaryImageOfPage\":{\"@id\":\"https:\/\/magdalenagrande.com\/blog\/escucha\/#primaryimage\"},\"datePublished\":\"2022-02-07T21:40:21+00:00\",\"dateModified\":\"2022-02-07T21:40:36+00:00\",\"author\":{\"@id\":\"https:\/\/magdalenagrande.com\/blog\/#\/schema\/person\/f8460fd9e22f0d0d09ef55ae7a4f6791\"},\"breadcrumb\":{\"@id\":\"https:\/\/magdalenagrande.com\/blog\/escucha\/#breadcrumb\"},\"inLanguage\":\"es\",\"potentialAction\":[{\"@type\":\"ReadAction\",\"target\":[\"https:\/\/magdalenagrande.com\/blog\/escucha\/\"]}]},{\"@type\":\"BreadcrumbList\",\"@id\":\"https:\/\/magdalenagrande.com\/blog\/escucha\/#breadcrumb\",\"itemListElement\":[{\"@type\":\"ListItem\",\"position\":1,\"name\":\"Portada\",\"item\":\"https:\/\/magdalenagrande.com\/blog\/\"},{\"@type\":\"ListItem\",\"position\":2,\"name\":\"Escucha\"}]},{\"@type\":\"Person\",\"@id\":\"https:\/\/magdalenagrande.com\/blog\/#\/schema\/person\/f8460fd9e22f0d0d09ef55ae7a4f6791\",\"name\":\"magdalena_grande\"}]}<\/script>\n<!-- \/ Yoast SEO plugin. -->","yoast_head_json":{"title":"Escucha - Blog de Magdalena Grande","robots":{"index":"index","follow":"follow","max-snippet":"max-snippet:-1","max-image-preview":"max-image-preview:large","max-video-preview":"max-video-preview:-1"},"canonical":"https:\/\/magdalenagrande.com\/blog\/escucha\/","og_locale":"es_ES","og_type":"article","og_title":"Escucha - Blog de Magdalena Grande","og_description":"\u00bfEscuchas cuando escuchas? Escuchar de forma activa requiere pr\u00e1ctica y podr\u00eda llegar a decir que, hoy en d\u00eda, se convierte en un arte. A veces cuando escuchamos, en realidad escuchamos nuestros pensamientos (&#8216;\u00bfqu\u00e9 era aquello que ten\u00eda que comprar?&#8217;, &#8216;\u00bfdebo tener algo entre los dientes?&#8217;&#8230;). Otras, escuchamos nuestras sensaciones, emociones o damos vueltas a lo [&hellip;]","og_url":"https:\/\/magdalenagrande.com\/blog\/escucha\/","og_site_name":"Blog de Magdalena Grande","article_published_time":"2022-02-07T21:40:21+00:00","article_modified_time":"2022-02-07T21:40:36+00:00","og_image":[{"url":"https:\/\/magdalenagrande.com\/blog\/wp-content\/uploads\/2022\/02\/image_editor_output_image-1331728247-1644270008269-1024x1003.jpg"}],"twitter_card":"summary","twitter_misc":{"Escrito por":"magdalena_grande","Tiempo de lectura":"1 minuto"},"schema":{"@context":"https:\/\/schema.org","@graph":[{"@type":"WebSite","@id":"https:\/\/magdalenagrande.com\/blog\/#website","url":"https:\/\/magdalenagrande.com\/blog\/","name":"Blog de Magdalena Grande","description":"Crecimiento personal, alta sensibilidad y educaci\u00f3n emocional","potentialAction":[{"@type":"SearchAction","target":{"@type":"EntryPoint","urlTemplate":"https:\/\/magdalenagrande.com\/blog\/?s={search_term_string}"},"query-input":"required name=search_term_string"}],"inLanguage":"es"},{"@type":"ImageObject","@id":"https:\/\/magdalenagrande.com\/blog\/escucha\/#primaryimage","inLanguage":"es","url":"https:\/\/magdalenagrande.com\/blog\/wp-content\/uploads\/2022\/02\/image_editor_output_image-1331728247-1644270008269.jpg","contentUrl":"https:\/\/magdalenagrande.com\/blog\/wp-content\/uploads\/2022\/02\/image_editor_output_image-1331728247-1644270008269.jpg","width":1080,"height":1058},{"@type":"WebPage","@id":"https:\/\/magdalenagrande.com\/blog\/escucha\/#webpage","url":"https:\/\/magdalenagrande.com\/blog\/escucha\/","name":"Escucha - Blog de Magdalena Grande","isPartOf":{"@id":"https:\/\/magdalenagrande.com\/blog\/#website"},"primaryImageOfPage":{"@id":"https:\/\/magdalenagrande.com\/blog\/escucha\/#primaryimage"},"datePublished":"2022-02-07T21:40:21+00:00","dateModified":"2022-02-07T21:40:36+00:00","author":{"@id":"https:\/\/magdalenagrande.com\/blog\/#\/schema\/person\/f8460fd9e22f0d0d09ef55ae7a4f6791"},"breadcrumb":{"@id":"https:\/\/magdalenagrande.com\/blog\/escucha\/#breadcrumb"},"inLanguage":"es","potentialAction":[{"@type":"ReadAction","target":["https:\/\/magdalenagrande.com\/blog\/escucha\/"]}]},{"@type":"BreadcrumbList","@id":"https:\/\/magdalenagrande.com\/blog\/escucha\/#breadcrumb","itemListElement":[{"@type":"ListItem","position":1,"name":"Portada","item":"https:\/\/magdalenagrande.com\/blog\/"},{"@type":"ListItem","position":2,"name":"Escucha"}]},{"@type":"Person","@id":"https:\/\/magdalenagrande.com\/blog\/#\/schema\/person\/f8460fd9e22f0d0d09ef55ae7a4f6791","name":"magdalena_grande"}]}},"_links":{"self":[{"href":"https:\/\/magdalenagrande.com\/blog\/wp-json\/wp\/v2\/posts\/753","targetHints":{"allow":["GET"]}}],"collection":[{"href":"https:\/\/magdalenagrande.com\/blog\/wp-json\/wp\/v2\/posts"}],"about":[{"href":"https:\/\/magdalenagrande.com\/blog\/wp-json\/wp\/v2\/types\/post"}],"author":[{"embeddable":true,"href":"https:\/\/magdalenagrande.com\/blog\/wp-json\/wp\/v2\/users\/1"}],"replies":[{"embeddable":true,"href":"https:\/\/magdalenagrande.com\/blog\/wp-json\/wp\/v2\/comments?post=753"}],"version-history":[{"count":1,"href":"https:\/\/magdalenagrande.com\/blog\/wp-json\/wp\/v2\/posts\/753\/revisions"}],"predecessor-version":[{"id":754,"href":"https:\/\/magdalenagrande.com\/blog\/wp-json\/wp\/v2\/posts\/753\/revisions\/754"}],"wp:attachment":[{"href":"https:\/\/magdalenagrande.com\/blog\/wp-json\/wp\/v2\/media?parent=753"}],"wp:term":[{"taxonomy":"category","embeddable":true,"href":"https:\/\/magdalenagrande.com\/blog\/wp-json\/wp\/v2\/categories?post=753"},{"taxonomy":"post_tag","embeddable":true,"href":"https:\/\/magdalenagrande.com\/blog\/wp-json\/wp\/v2\/tags?post=753"}],"curies":[{"name":"wp","href":"https:\/\/api.w.org\/{rel}","templated":true}]}}